{"id":114,"date":"2020-04-24T14:41:00","date_gmt":"2020-04-24T14:41:00","guid":{"rendered":"https:\/\/abdcurriculo.com.br\/?p=114"},"modified":"2024-10-03T19:45:30","modified_gmt":"2024-10-03T19:45:30","slug":"posicionamento-sobre-o-parecer-do-cne","status":"publish","type":"post","link":"https:\/\/abdcurriculo.com.br\/?p=114","title":{"rendered":"POSICIONAMENTO SOBRE O PARECER DO CNE"},"content":{"rendered":"\n<p><strong>Em resposta \u00e0 Consulta P\u00fablica destinada a colher subs\u00eddios e contribui\u00e7\u00f5es para delibera\u00e7\u00e3o do CNE sobre &#8220;Reorganiza\u00e7\u00e3o dos Calend\u00e1rios Escolares e a realiza\u00e7\u00e3o de atividades pedag\u00f3gicas n\u00e3o presenciais durante o per\u00edodo de Pandemia da COVID-19&#8221;, as entidades nacionais abaixo assinadas tecem as seguintes considera\u00e7\u00f5es e proposi\u00e7\u00f5es.<\/strong><br><strong>Para ler o documento na \u00edntegra,<\/strong><a href=\"https:\/\/1fce3adf-21b8-44d9-9b12-da4e0971a909.filesusr.com\/ugd\/f7609a_0a147e8e80a04ad39878427cdd4e9657.pdf\"><strong> <\/strong><strong>CLIQUE AQUI<\/strong><\/a><\/p>\n","protected":false},"excerpt":{"rendered":"<p>Em resposta \u00e0 Consulta P\u00fablica destinada a colher subs\u00eddios e contribui\u00e7\u00f5es para delibera\u00e7\u00e3o do CNE sobre &#8220;Reorganiza\u00e7\u00e3o dos Calend\u00e1rios Escolares e a realiza\u00e7\u00e3o de atividades pedag\u00f3gicas n\u00e3o presenciais durante o per\u00edodo de Pandemia da COVID-19&#8221;, as entidades nacionais abaixo assinadas tecem as seguintes considera\u00e7\u00f5es e proposi\u00e7\u00f5es.Para ler o documento na \u00edntegra, CLIQUE AQUI<\/p>\n","protected":false},"author":1,"featured_media":0,"comment_status":"closed","ping_status":"open","sticky":false,"template":"","format":"standard","meta":{"footnotes":""},"categories":[1],"tags":[],"class_list":["post-114","post","type-post","status-publish","format-standard","hentry","category-uncategorized"],"_links":{"self":[{"href":"https:\/\/abdcurriculo.com.br\/index.php?rest_route=\/wp\/v2\/posts\/114","targetHints":{"allow":["GET"]}}],"collection":[{"href":"https:\/\/abdcurriculo.com.br\/index.php?rest_route=\/wp\/v2\/posts"}],"about":[{"href":"https:\/\/abdcurriculo.com.br\/index.php?rest_route=\/wp\/v2\/types\/post"}],"author":[{"embeddable":true,"href":"https:\/\/abdcurriculo.com.br\/index.php?rest_route=\/wp\/v2\/users\/1"}],"replies":[{"embeddable":true,"href":"https:\/\/abdcurriculo.com.br\/index.php?rest_route=%2Fwp%2Fv2%2Fcomments&post=114"}],"version-history":[{"count":1,"href":"https:\/\/abdcurriculo.com.br\/index.php?rest_route=\/wp\/v2\/posts\/114\/revisions"}],"predecessor-version":[{"id":115,"href":"https:\/\/abdcurriculo.com.br\/index.php?rest_route=\/wp\/v2\/posts\/114\/revisions\/115"}],"wp:attachment":[{"href":"https:\/\/abdcurriculo.com.br\/index.php?rest_route=%2Fwp%2Fv2%2Fmedia&parent=114"}],"wp:term":[{"taxonomy":"category","embeddable":true,"href":"https:\/\/abdcurriculo.com.br\/index.php?rest_route=%2Fwp%2Fv2%2Fcategories&post=114"},{"taxonomy":"post_tag","embeddable":true,"href":"https:\/\/abdcurriculo.com.br\/index.php?rest_route=%2Fwp%2Fv2%2Ftags&post=114"}],"curies":[{"name":"wp","href":"https:\/\/api.w.org\/{rel}","templated":true}]}}