{"id":116,"date":"2020-04-24T14:43:00","date_gmt":"2020-04-24T14:43:00","guid":{"rendered":"https:\/\/abdcurriculo.com.br\/?p=116"},"modified":"2024-10-03T19:45:26","modified_gmt":"2024-10-03T19:45:26","slug":"revista-curriculo-sem-fronteiras-volume-19-numero-3","status":"publish","type":"post","link":"https:\/\/abdcurriculo.com.br\/?p=116","title":{"rendered":"Revista Curr\u00edculo Sem Fronteiras &#8211; Volume 19, N\u00famero 3"},"content":{"rendered":"\n<p><strong>Est\u00e1 no ar o Volume 19, N\u00famero 3 (Setembro\/Dezembro 2019) da Revista Curr\u00edculo Sem Fronteiras! O n\u00famero traz o Dossi\u00ea &#8220;A Pesquisa Curricular na Virada Cultural Conservadora: desafios, impacto e luta pol\u00edtica&#8221;, organizado por \u00c9rika Virg\u00edlio Rodrigues da Cunha (Universidade Federal de Rondon\u00f3polis) e Alexandra Garcia (Universidade do Estado do Rio de Janeiro) e \u00e9 resultado da parceria entre a Associa\u00e7\u00e3o Brasileira de Curr\u00edculo (ABdC) e a revista.<\/strong><\/p>\n\n\n\n<p><strong>Os artigos podem ser acessados atrav\u00e9s deste<\/strong><a href=\"https:\/\/www.curriculosemfronteiras.org\/artigos.htm\"><strong> <\/strong><strong>link<\/strong><\/a><strong>.<\/strong><\/p>\n","protected":false},"excerpt":{"rendered":"<p>Est\u00e1 no ar o Volume 19, N\u00famero 3 (Setembro\/Dezembro 2019) da Revista Curr\u00edculo Sem Fronteiras! O n\u00famero traz o Dossi\u00ea &#8220;A Pesquisa Curricular na Virada Cultural Conservadora: desafios, impacto e luta pol\u00edtica&#8221;, organizado por \u00c9rika Virg\u00edlio Rodrigues da Cunha (Universidade Federal de Rondon\u00f3polis) e Alexandra Garcia (Universidade do Estado do Rio de Janeiro) e \u00e9 [&hellip;]<\/p>\n","protected":false},"author":1,"featured_media":0,"comment_status":"closed","ping_status":"open","sticky":false,"template":"","format":"standard","meta":{"footnotes":""},"categories":[1],"tags":[],"class_list":["post-116","post","type-post","status-publish","format-standard","hentry","category-uncategorized"],"_links":{"self":[{"href":"https:\/\/abdcurriculo.com.br\/index.php?rest_route=\/wp\/v2\/posts\/116","targetHints":{"allow":["GET"]}}],"collection":[{"href":"https:\/\/abdcurriculo.com.br\/index.php?rest_route=\/wp\/v2\/posts"}],"about":[{"href":"https:\/\/abdcurriculo.com.br\/index.php?rest_route=\/wp\/v2\/types\/post"}],"author":[{"embeddable":true,"href":"https:\/\/abdcurriculo.com.br\/index.php?rest_route=\/wp\/v2\/users\/1"}],"replies":[{"embeddable":true,"href":"https:\/\/abdcurriculo.com.br\/index.php?rest_route=%2Fwp%2Fv2%2Fcomments&post=116"}],"version-history":[{"count":1,"href":"https:\/\/abdcurriculo.com.br\/index.php?rest_route=\/wp\/v2\/posts\/116\/revisions"}],"predecessor-version":[{"id":117,"href":"https:\/\/abdcurriculo.com.br\/index.php?rest_route=\/wp\/v2\/posts\/116\/revisions\/117"}],"wp:attachment":[{"href":"https:\/\/abdcurriculo.com.br\/index.php?rest_route=%2Fwp%2Fv2%2Fmedia&parent=116"}],"wp:term":[{"taxonomy":"category","embeddable":true,"href":"https:\/\/abdcurriculo.com.br\/index.php?rest_route=%2Fwp%2Fv2%2Fcategories&post=116"},{"taxonomy":"post_tag","embeddable":true,"href":"https:\/\/abdcurriculo.com.br\/index.php?rest_route=%2Fwp%2Fv2%2Ftags&post=116"}],"curies":[{"name":"wp","href":"https:\/\/api.w.org\/{rel}","templated":true}]}}