{"id":1372,"date":"2024-05-27T01:22:14","date_gmt":"2024-05-27T01:22:14","guid":{"rendered":"https:\/\/abdcurriculo.com.br\/?p=1372"},"modified":"2024-10-03T19:44:21","modified_gmt":"2024-10-03T19:44:21","slug":"entidades-da-educacao-repudiam-militarizacao-de-escolas-em-sao-paulo","status":"publish","type":"post","link":"https:\/\/abdcurriculo.com.br\/?p=1372","title":{"rendered":"Entidades da Educa\u00e7\u00e3o repudiam militariza\u00e7\u00e3o de escolas em S\u00e3o Paulo"},"content":{"rendered":"\t\t<div data-elementor-type=\"wp-post\" data-elementor-id=\"1372\" class=\"elementor elementor-1372\" data-elementor-post-type=\"post\">\n\t\t\t\t\t\t<section class=\"elementor-section elementor-top-section elementor-element elementor-element-10b7e5e7 elementor-section-boxed elementor-section-height-default elementor-section-height-default\" data-id=\"10b7e5e7\" data-element_type=\"section\" data-e-type=\"section\">\n\t\t\t\t\t\t<div class=\"elementor-container elementor-column-gap-default\">\n\t\t\t\t\t<div class=\"elementor-column elementor-col-100 elementor-top-column elementor-element elementor-element-72f6195d\" data-id=\"72f6195d\" data-element_type=\"column\" data-e-type=\"column\">\n\t\t\t<div class=\"elementor-widget-wrap elementor-element-populated\">\n\t\t\t\t\t\t<div class=\"elementor-element elementor-element-2698c976 elementor-widget elementor-widget-text-editor\" data-id=\"2698c976\" data-element_type=\"widget\" data-e-type=\"widget\" data-widget_type=\"text-editor.default\">\n\t\t\t\t<div class=\"elementor-widget-container\">\n\t\t\t\t\t\t\t\t\t\n<p>Vinte e tr\u00eas entidades da \u00e1rea da educa\u00e7\u00e3o divulgaram uma nota contrapondo-se \u00e0 aprova\u00e7\u00e3o do projeto de lei que institui as escolas c\u00edvico-militares na rede estadual de ensino de S\u00e3o Paulo, na \u00faltima ter\u00e7a-feira (21\/5).<\/p>\n\n\n\n<p>Al\u00e9m de sinalizarem riscos inerentes \u00e0 proposta, como a transposi\u00e7\u00e3o de princ\u00edpios que regem a \u00e1rea de seguran\u00e7a para a escola, as organiza\u00e7\u00f5es que assinam a nota criticam a violenta repress\u00e3o praticada pela pol\u00edcia contra estudantes que queriam acompanhar a vota\u00e7\u00e3o na Assembleia Legislativa paulista.<\/p>\n\n\n\n<p><a href=\"https:\/\/anped.org.br\/entidades-da-educacao-repudiam-militarizacao-de-escolas-em-sao-paulo\/\">Clique aqui e leia nota completa no portal da ANPED<\/a><\/p>\n\n\n\n<figure class=\"wp-block-image size-large\"><img fetchpriority=\"high\" decoding=\"async\" width=\"700\" height=\"700\" src=\"https:\/\/abdcurriculo.com.br\/wp-content\/uploads\/2024\/05\/968173f3-a833-4367-9ac5-9b6cad90c881-700x700.jpg\" alt=\"\" class=\"wp-image-1370\" srcset=\"https:\/\/abdcurriculo.com.br\/wp-content\/uploads\/2024\/05\/968173f3-a833-4367-9ac5-9b6cad90c881-700x700.jpg 700w, https:\/\/abdcurriculo.com.br\/wp-content\/uploads\/2024\/05\/968173f3-a833-4367-9ac5-9b6cad90c881-250x250.jpg 250w, https:\/\/abdcurriculo.com.br\/wp-content\/uploads\/2024\/05\/968173f3-a833-4367-9ac5-9b6cad90c881-150x150.jpg 150w, https:\/\/abdcurriculo.com.br\/wp-content\/uploads\/2024\/05\/968173f3-a833-4367-9ac5-9b6cad90c881-768x768.jpg 768w, https:\/\/abdcurriculo.com.br\/wp-content\/uploads\/2024\/05\/968173f3-a833-4367-9ac5-9b6cad90c881-120x120.jpg 120w, https:\/\/abdcurriculo.com.br\/wp-content\/uploads\/2024\/05\/968173f3-a833-4367-9ac5-9b6cad90c881.jpg 1080w\" sizes=\"(max-width: 700px) 100vw, 700px\" \/><\/figure>\n\n\n\n<figure class=\"wp-block-gallery has-nested-images columns-default is-cropped wp-block-gallery-2 is-layout-flex wp-block-gallery-is-layout-flex\"><\/figure>\n\t\t\t\t\t\t\t\t<\/div>\n\t\t\t\t<\/div>\n\t\t\t\t\t<\/div>\n\t\t<\/div>\n\t\t\t\t\t<\/div>\n\t\t<\/section>\n\t\t\t\t<\/div>\n\t\t","protected":false},"excerpt":{"rendered":"<p>Vinte e tr\u00eas entidades da \u00e1rea da educa\u00e7\u00e3o divulgaram uma nota contrapondo-se \u00e0 aprova\u00e7\u00e3o do projeto de lei que institui as escolas c\u00edvico-militares na rede estadual de ensino de S\u00e3o Paulo, na \u00faltima ter\u00e7a-feira (21\/5). Al\u00e9m de sinalizarem riscos inerentes \u00e0 proposta, como a transposi\u00e7\u00e3o de princ\u00edpios que regem a \u00e1rea de seguran\u00e7a para a [&hellip;]<\/p>\n","protected":false},"author":1,"featured_media":0,"comment_status":"closed","ping_status":"open","sticky":false,"template":"","format":"standard","meta":{"footnotes":""},"categories":[1],"tags":[],"class_list":["post-1372","post","type-post","status-publish","format-standard","hentry","category-uncategorized"],"_links":{"self":[{"href":"https:\/\/abdcurriculo.com.br\/index.php?rest_route=\/wp\/v2\/posts\/1372","targetHints":{"allow":["GET"]}}],"collection":[{"href":"https:\/\/abdcurriculo.com.br\/index.php?rest_route=\/wp\/v2\/posts"}],"about":[{"href":"https:\/\/abdcurriculo.com.br\/index.php?rest_route=\/wp\/v2\/types\/post"}],"author":[{"embeddable":true,"href":"https:\/\/abdcurriculo.com.br\/index.php?rest_route=\/wp\/v2\/users\/1"}],"replies":[{"embeddable":true,"href":"https:\/\/abdcurriculo.com.br\/index.php?rest_route=%2Fwp%2Fv2%2Fcomments&post=1372"}],"version-history":[{"count":5,"href":"https:\/\/abdcurriculo.com.br\/index.php?rest_route=\/wp\/v2\/posts\/1372\/revisions"}],"predecessor-version":[{"id":1380,"href":"https:\/\/abdcurriculo.com.br\/index.php?rest_route=\/wp\/v2\/posts\/1372\/revisions\/1380"}],"wp:attachment":[{"href":"https:\/\/abdcurriculo.com.br\/index.php?rest_route=%2Fwp%2Fv2%2Fmedia&parent=1372"}],"wp:term":[{"taxonomy":"category","embeddable":true,"href":"https:\/\/abdcurriculo.com.br\/index.php?rest_route=%2Fwp%2Fv2%2Fcategories&post=1372"},{"taxonomy":"post_tag","embeddable":true,"href":"https:\/\/abdcurriculo.com.br\/index.php?rest_route=%2Fwp%2Fv2%2Ftags&post=1372"}],"curies":[{"name":"wp","href":"https:\/\/api.w.org\/{rel}","templated":true}]}}